{"id":285,"date":"2023-11-03T07:35:49","date_gmt":"2023-11-03T07:35:49","guid":{"rendered":"https:\/\/faai.ath.edu.pl\/?p=285"},"modified":"2023-11-03T07:35:49","modified_gmt":"2023-11-03T07:35:49","slug":"erasmus-project-faai-16th-edition-of-the-international-conference-on-advanced-technologies-systems-and-services-in-telecommunications-telsiks2023-in-nis-serbia","status":"publish","type":"post","link":"https:\/\/faai.ath.edu.pl\/?p=285","title":{"rendered":"Erasmus+ project FAAI: 16th Edition of the International Conference on Advanced Technologies, Systems and Services in Telecommunications (TELSIKS&#8217;2023) in Ni\u0161 (Serbia)"},"content":{"rendered":"<p>The 16th Edition of the International Conference on Advanced Technologies, Systems, and Services in Telecommunications (TELSIKS&#8217;2023) unfolded at the distinguished Faculty of Electronic Engineering (FEE), University of Nis, Serbia, from October 25-26, 2023. This conference marked a significant milestone in the exploration of cutting-edge technologies and services in the field of telecommunications.<br \/>\nThe FAAI project consortium was represented by delegations from University of Bielsko-Biala (UBB), University of Library Studies and IT (ULSIT), University of Nis (UNI), University of Ss. Cyril and Methodius in Trnava (UCMT), and University of Montenegro (UoM), collectively showcasing the collaborative efforts and expertise of these esteemed institutions.<br \/>\nOpening Ceremony and Plenary Session: A Glimpse of Our Delegation&#8217;s Engagements<br \/>\nBefore delving into the special session on Applied Artificial Intelligence, our delegations had the privilege of participating in the distinguished Opening Ceremony and Plenary Session of TELSIKS&#8217;2023.<br \/>\n<img loading=\"lazy\" decoding=\"async\" class=\"alignnone size-full wp-image-294\" src=\"https:\/\/faai.ath.edu.pl\/wp-content\/uploads\/2023\/11\/f1-1.jpg\" alt=\"\" width=\"1198\" height=\"648\" srcset=\"https:\/\/faai.ath.edu.pl\/wp-content\/uploads\/2023\/11\/f1-1.jpg 1198w, https:\/\/faai.ath.edu.pl\/wp-content\/uploads\/2023\/11\/f1-1-300x162.jpg 300w, https:\/\/faai.ath.edu.pl\/wp-content\/uploads\/2023\/11\/f1-1-1024x554.jpg 1024w, https:\/\/faai.ath.edu.pl\/wp-content\/uploads\/2023\/11\/f1-1-768x415.jpg 768w, https:\/\/faai.ath.edu.pl\/wp-content\/uploads\/2023\/11\/f1-1-499x270.jpg 499w\" sizes=\"auto, (max-width: 1198px) 100vw, 1198px\" \/><\/p>\n<p>The Opening Ceremony, held in Room 457, FEE, was a momentous occasion marked by an atmosphere of camaraderie and shared purpose. It provided a fitting commencement to the conference, setting the stage for the intellectually stimulating interactions that followed.<br \/>\n<img loading=\"lazy\" decoding=\"async\" class=\"alignnone size-full wp-image-287\" src=\"https:\/\/faai.ath.edu.pl\/wp-content\/uploads\/2023\/11\/f2.jpg\" alt=\"\" width=\"1198\" height=\"718\" srcset=\"https:\/\/faai.ath.edu.pl\/wp-content\/uploads\/2023\/11\/f2.jpg 1198w, https:\/\/faai.ath.edu.pl\/wp-content\/uploads\/2023\/11\/f2-300x180.jpg 300w, https:\/\/faai.ath.edu.pl\/wp-content\/uploads\/2023\/11\/f2-1024x614.jpg 1024w, https:\/\/faai.ath.edu.pl\/wp-content\/uploads\/2023\/11\/f2-768x460.jpg 768w, https:\/\/faai.ath.edu.pl\/wp-content\/uploads\/2023\/11\/f2-451x270.jpg 451w\" sizes=\"auto, (max-width: 1198px) 100vw, 1198px\" \/><br \/>\nFollowing this, the Plenary Session, also convened in Room 457, FEE, showcased a lineup of eminent speakers who expounded upon the latest trends and advancements in telecommunications. Our delegations actively engaged in these enriching discussions, contributing to the collective discourse on the future of the field.<br \/>\n<img loading=\"lazy\" decoding=\"async\" class=\"alignnone size-full wp-image-288\" src=\"https:\/\/faai.ath.edu.pl\/wp-content\/uploads\/2023\/11\/f3.jpg\" alt=\"\" width=\"1190\" height=\"752\" srcset=\"https:\/\/faai.ath.edu.pl\/wp-content\/uploads\/2023\/11\/f3.jpg 1190w, https:\/\/faai.ath.edu.pl\/wp-content\/uploads\/2023\/11\/f3-300x190.jpg 300w, https:\/\/faai.ath.edu.pl\/wp-content\/uploads\/2023\/11\/f3-1024x647.jpg 1024w, https:\/\/faai.ath.edu.pl\/wp-content\/uploads\/2023\/11\/f3-768x485.jpg 768w, https:\/\/faai.ath.edu.pl\/wp-content\/uploads\/2023\/11\/f3-427x270.jpg 427w\" sizes=\"auto, (max-width: 1190px) 100vw, 1190px\" \/><br \/>\n<img loading=\"lazy\" decoding=\"async\" class=\"alignnone size-full wp-image-289\" src=\"https:\/\/faai.ath.edu.pl\/wp-content\/uploads\/2023\/11\/f5.jpg\" alt=\"\" width=\"1188\" height=\"753\" srcset=\"https:\/\/faai.ath.edu.pl\/wp-content\/uploads\/2023\/11\/f5.jpg 1188w, https:\/\/faai.ath.edu.pl\/wp-content\/uploads\/2023\/11\/f5-300x190.jpg 300w, https:\/\/faai.ath.edu.pl\/wp-content\/uploads\/2023\/11\/f5-1024x649.jpg 1024w, https:\/\/faai.ath.edu.pl\/wp-content\/uploads\/2023\/11\/f5-768x487.jpg 768w, https:\/\/faai.ath.edu.pl\/wp-content\/uploads\/2023\/11\/f5-426x270.jpg 426w\" sizes=\"auto, (max-width: 1188px) 100vw, 1188px\" \/><br \/>\n<strong>Special Session: Setting up the Applied Artificial Intelligence Learning Requirements (SS3)<\/strong><\/p>\n<p>A significant highlight of the conference was the special session on Applied Artificial Intelligence (AI) and learning environments. This session delved into the development of a competency framework for Applied AI, encapsulating technical, business, and ethical perspectives, in alignment with the Erasmus+ project FAAI No. 2022-1-PL01-KA220-HED-000088359.<br \/>\nChaired by Vasyl Martsenyuk and Olivera Proni\u0107-Rancic, the session played a pivotal role in fostering dynamic discussions and facilitating the exchange of innovative ideas on Applied AI.<\/p>\n<p><strong>Noteworthy Talks<\/strong><br \/>\n1. &#8220;On Emerging Methodology for Collection of Good Practices in Applied Artificial Intelligence&#8221;<br \/>\n\u2022 Vasyl Martsenyuk, George Dimitrov, Dejan Rancic, Iveta Dirgova Luptakova, Igor Jovancevic, Aleksandra Klos-Witkowska, Marcin Bernas, and Tomasz Gancarczyk.<br \/>\n2. &#8220;Research and Analysis of IT Specifications of Good Practices in Artificial Intelligence&#8221;<br \/>\n\u2022 Paulina Tsvetkova, George Dimitrov, Vasyl Martsenyuk, Iveta Dirgov\u00e1-Lupt\u00e1kov\u00e1, Dejan Rancic, Igor Jovancevic, Iva Kostadinova, Katia Rasheva-Yordanova, Pepa Petrova, and Pavel Petrov.<br \/>\n3. &#8220;Research and Analysis of Different Real Cases, with use of AAI&#8221;<br \/>\n\u2022 Iva Kostadinova, George Dimitrov, Vasyl Martsenyuk, Dejan Rancic, Iveta Dirgova-Luptakova, Igor Jovancevic, Ivan Trenchev, Stefka Toleva-Stoimenova, and Pavel Petrov.<br \/>\n<img loading=\"lazy\" decoding=\"async\" class=\"alignnone size-full wp-image-290\" src=\"https:\/\/faai.ath.edu.pl\/wp-content\/uploads\/2023\/11\/f6.jpg\" alt=\"\" width=\"1176\" height=\"753\" srcset=\"https:\/\/faai.ath.edu.pl\/wp-content\/uploads\/2023\/11\/f6.jpg 1176w, https:\/\/faai.ath.edu.pl\/wp-content\/uploads\/2023\/11\/f6-300x192.jpg 300w, https:\/\/faai.ath.edu.pl\/wp-content\/uploads\/2023\/11\/f6-1024x656.jpg 1024w, https:\/\/faai.ath.edu.pl\/wp-content\/uploads\/2023\/11\/f6-768x492.jpg 768w, https:\/\/faai.ath.edu.pl\/wp-content\/uploads\/2023\/11\/f6-422x270.jpg 422w\" sizes=\"auto, (max-width: 1176px) 100vw, 1176px\" \/> <img loading=\"lazy\" decoding=\"async\" class=\"alignnone size-full wp-image-291\" src=\"https:\/\/faai.ath.edu.pl\/wp-content\/uploads\/2023\/11\/f7.jpg\" alt=\"\" width=\"1191\" height=\"745\" srcset=\"https:\/\/faai.ath.edu.pl\/wp-content\/uploads\/2023\/11\/f7.jpg 1191w, https:\/\/faai.ath.edu.pl\/wp-content\/uploads\/2023\/11\/f7-300x188.jpg 300w, https:\/\/faai.ath.edu.pl\/wp-content\/uploads\/2023\/11\/f7-1024x641.jpg 1024w, https:\/\/faai.ath.edu.pl\/wp-content\/uploads\/2023\/11\/f7-768x480.jpg 768w, https:\/\/faai.ath.edu.pl\/wp-content\/uploads\/2023\/11\/f7-432x270.jpg 432w\" sizes=\"auto, (max-width: 1191px) 100vw, 1191px\" \/><\/p>\n<p>4. &#8220;Employer Requirements for Graduate Competencies in Applied Artificial Intelligence&#8221;<br \/>\n\u2022 Dragan Stojanovic, Olivera Proni\u0107-Rancic, Natalija Stojanovic, Dejan Rancic, and Marko Milojkovic.<br \/>\n<img loading=\"lazy\" decoding=\"async\" class=\"alignnone size-full wp-image-292\" src=\"https:\/\/faai.ath.edu.pl\/wp-content\/uploads\/2023\/11\/f8.jpg\" alt=\"\" width=\"1185\" height=\"756\" srcset=\"https:\/\/faai.ath.edu.pl\/wp-content\/uploads\/2023\/11\/f8.jpg 1185w, https:\/\/faai.ath.edu.pl\/wp-content\/uploads\/2023\/11\/f8-300x191.jpg 300w, https:\/\/faai.ath.edu.pl\/wp-content\/uploads\/2023\/11\/f8-1024x653.jpg 1024w, https:\/\/faai.ath.edu.pl\/wp-content\/uploads\/2023\/11\/f8-768x490.jpg 768w, https:\/\/faai.ath.edu.pl\/wp-content\/uploads\/2023\/11\/f8-423x270.jpg 423w\" sizes=\"auto, (max-width: 1185px) 100vw, 1185px\" \/><br \/>\n5. &#8220;Research and Analysis on the Labor Market in the Field of Applied AI&#8221;<br \/>\n\u2022 Aleksandar Plamenac, Igor Jovancevic, Georgi Dimitrov, Vasyl Martsenyuk, Dejan Rancic, and Iveta Dirgova-Luptakova.<br \/>\n6. &#8220;On Predicting Financial Time Series of Various Granularity as an Applied AI Problem&#8221;<br \/>\n\u2022 Vasyl Martsenyuk and Jacek Kafel-Kania.<br \/>\n7. &#8220;On Manufacturing Network Design as an Applied AI Problem&#8221;<br \/>\n\u2022 Vasyl Martsenyuk and Nataliia Kit.<br \/>\nEngaging Discourse and Valuable Insights<br \/>\nThe ensuing discussions were characterized by a palpable enthusiasm and a profound appreciation for the depth of knowledge shared. The questions posed were astute, and the insights imparted were instrumental in augmenting our collective understanding.<\/p>\n<p>Looking Ahead<br \/>\nThe conference culminated as a resounding success, serving as an exemplary platform for the dissemination of the FAAI project&#8217;s findings. The strides made in the domain of Applied AI are nothing short of commendable, and we remain sanguine about the transformative potential of our collaborative endeavors.<br \/>\nWe extend our gratitude to all participants for their invaluable contributions, and we eagerly anticipate the continued discourse on these vital topics.<\/p>\n<p><img loading=\"lazy\" decoding=\"async\" class=\"alignnone size-full wp-image-293\" src=\"https:\/\/faai.ath.edu.pl\/wp-content\/uploads\/2023\/11\/f9.jpg\" alt=\"\" width=\"1202\" height=\"626\" srcset=\"https:\/\/faai.ath.edu.pl\/wp-content\/uploads\/2023\/11\/f9.jpg 1202w, https:\/\/faai.ath.edu.pl\/wp-content\/uploads\/2023\/11\/f9-300x156.jpg 300w, https:\/\/faai.ath.edu.pl\/wp-content\/uploads\/2023\/11\/f9-1024x533.jpg 1024w, https:\/\/faai.ath.edu.pl\/wp-content\/uploads\/2023\/11\/f9-768x400.jpg 768w, https:\/\/faai.ath.edu.pl\/wp-content\/uploads\/2023\/11\/f9-518x270.jpg 518w\" sizes=\"auto, (max-width: 1202px) 100vw, 1202px\" \/><\/p>\n","protected":false},"excerpt":{"rendered":"<p>The 16th Edition of the International Conference on Advanced Technologies, Systems, and Services in Telecommunications (TELSIKS&#8217;2023) unfolded at the distinguished Faculty of Electronic Engineering (FEE), University of Nis, Serbia, from October 25-26, 2023. This conference marked a significant milestone in the exploration of cutting-edge technologies and services in the field of telecommunications. The FAAI project &hellip; <\/p>\n<p class=\"read-more\"><a class=\"btn btn-default\" href=\"https:\/\/faai.ath.edu.pl\/?p=285\"> Read More<span class=\"screen-reader-text\">  Read More<\/span><\/a><\/p>\n","protected":false},"author":1,"featured_media":0,"comment_status":"open","ping_status":"open","sticky":false,"template":"","format":"standard","meta":{"footnotes":""},"categories":[40,30,28,26],"tags":[],"class_list":["post-285","post","type-post","status-publish","format-standard","hentry","category-business","category-employee","category-hei","category-news"],"_links":{"self":[{"href":"https:\/\/faai.ath.edu.pl\/index.php?rest_route=\/wp\/v2\/posts\/285","targetHints":{"allow":["GET"]}}],"collection":[{"href":"https:\/\/faai.ath.edu.pl\/index.php?rest_route=\/wp\/v2\/posts"}],"about":[{"href":"https:\/\/faai.ath.edu.pl\/index.php?rest_route=\/wp\/v2\/types\/post"}],"author":[{"embeddable":true,"href":"https:\/\/faai.ath.edu.pl\/index.php?rest_route=\/wp\/v2\/users\/1"}],"replies":[{"embeddable":true,"href":"https:\/\/faai.ath.edu.pl\/index.php?rest_route=%2Fwp%2Fv2%2Fcomments&post=285"}],"version-history":[{"count":1,"href":"https:\/\/faai.ath.edu.pl\/index.php?rest_route=\/wp\/v2\/posts\/285\/revisions"}],"predecessor-version":[{"id":295,"href":"https:\/\/faai.ath.edu.pl\/index.php?rest_route=\/wp\/v2\/posts\/285\/revisions\/295"}],"wp:attachment":[{"href":"https:\/\/faai.ath.edu.pl\/index.php?rest_route=%2Fwp%2Fv2%2Fmedia&parent=285"}],"wp:term":[{"taxonomy":"category","embeddable":true,"href":"https:\/\/faai.ath.edu.pl\/index.php?rest_route=%2Fwp%2Fv2%2Fcategories&post=285"},{"taxonomy":"post_tag","embeddable":true,"href":"https:\/\/faai.ath.edu.pl\/index.php?rest_route=%2Fwp%2Fv2%2Ftags&post=285"}],"curies":[{"name":"wp","href":"https:\/\/api.w.org\/{rel}","templated":true}]}}