{"id":378,"date":"2023-08-27T09:57:00","date_gmt":"2023-08-27T09:57:00","guid":{"rendered":"https:\/\/faai.ath.edu.pl\/?p=378"},"modified":"2023-08-27T09:58:57","modified_gmt":"2023-08-27T09:58:57","slug":"dotaznik-pre-zamestnavatelov-identifikacia-kompetencii-absolventov-v-oblasti-aplikovanej-umelej-inteligencie","status":"publish","type":"post","link":"https:\/\/faai.ath.edu.pl\/?p=378&lang=sk","title":{"rendered":"DOTAZN\u00cdK PRE ZAMESTN\u00c1VATE\u013dOV: IDENTIFIK\u00c1CIA KOMPETENCI\u00cd ABSOLVENTOV V OBLASTI APLIKOVANEJ UMELEJ INTELIGENCIE"},"content":{"rendered":"<p>FAAI je projekt ERASMUS+, ktor\u00e9ho cie\u013eom je vyhodnoti\u0165 existuj\u00face syst\u00e9my a n\u00e1stroje umelej inteligencie a vytvori\u0165 spolo\u010dn\u00fa kompetenciu E\u00da v oblasti syst\u00e9mov budovania zru\u010dnost\u00ed, ktor\u00e9 vyu\u017e\u00edvaj\u00fa schopnosti umelej inteligencie v sektore MSP. Cie\u013eom projektu je zlep\u0161i\u0165 kvalitu a relevantnos\u0165 vedomost\u00ed a zru\u010dnost\u00ed \u0161tudentov a absolventov v oblasti AI\/ML na z\u00e1klade zru\u010dnost\u00ed potrebn\u00fdch na trhu pr\u00e1ce. Prieskum sa uskuto\u010dnil v r\u00e1mci projektu FAAI s cie\u013eom pos\u00fadi\u0165 potreby zamestn\u00e1vate\u013eov v oblasti kompetenci\u00ed absolventov v oblasti umelej inteligencie, strojov\u00e9ho u\u010denia a d\u00e1tovej vedy vo v\u0161eobecnosti. Cie\u013eom prieskumu bolo presk\u00fama\u0165 potreby a o\u010dak\u00e1vania zamestn\u00e1vate\u013eov a spolo\u010dnost\u00ed v oblasti vzdel\u00e1vania odborn\u00edkov v oblasti aplikovanej umelej inteligencie. Na prieskume sa z\u00fa\u010dastnilo celkovo 38 spolo\u010dnost\u00ed, \u010do poskytuje dobr\u00fd v\u00fdchodiskov\u00fd bod na presk\u00famanie a anal\u00fdzu ich potrieb v oblasti aplikovanej umelej inteligencie. Prieskum pozost\u00e1val z 31 ot\u00e1zok vr\u00e1tane ot\u00e1zok o potrebn\u00fdch v\u0161eobecn\u00fdch kompetenci\u00e1ch, type probl\u00e9mov strojov\u00e9ho u\u010denia, ktor\u00e9 sa maj\u00fa rie\u0161i\u0165, a kni\u017eniciach AI pou\u017e\u00edvan\u00fdch v spolo\u010dnostiach.<\/p>\n<p>Prieskum obsahoval aj ot\u00e1zky t\u00fdkaj\u00face sa po\u017eadovan\u00fdch m\u00e4kk\u00fdch zru\u010dnost\u00ed, \u010fal\u0161\u00edch potrebn\u00fdch kompetenci\u00ed, spokojnosti zamestn\u00e1vate\u013eov s \u00farov\u0148ou pr\u00edpravy absolventov AI a n\u00e1zorov na zvy\u0161ovanie kvalifik\u00e1cie s\u00fa\u010dasn\u00fdch zamestnancov organiz\u00e1ci\u00ed t\u00fdm, \u017ee im umo\u017enia \u0161tudova\u0165 AI na magisterskej \u00farovni.<\/p>\n<p>Cel\u00fd dokument n\u00e1jdete tu:<a href=\"https:\/\/faai.ath.edu.pl\/wp-content\/uploads\/2023\/12\/Research-6-Questionnaire-for-employers_AI_SK.pdf\">Research 6 Questionnaire for employers_AI_SK<\/a><\/p>\n","protected":false},"excerpt":{"rendered":"<p>FAAI je projekt ERASMUS+, ktor\u00e9ho cie\u013eom je vyhodnoti\u0165 existuj\u00face syst\u00e9my a n\u00e1stroje umelej inteligencie a vytvori\u0165 spolo\u010dn\u00fa kompetenciu E\u00da v oblasti syst\u00e9mov budovania zru\u010dnost\u00ed, ktor\u00e9 vyu\u017e\u00edvaj\u00fa schopnosti umelej inteligencie v sektore MSP. Cie\u013eom projektu je zlep\u0161i\u0165 kvalitu a relevantnos\u0165 vedomost\u00ed a zru\u010dnost\u00ed \u0161tudentov a absolventov v oblasti AI\/ML na z\u00e1klade zru\u010dnost\u00ed potrebn\u00fdch na trhu pr\u00e1ce. &hellip; <\/p>\n<p class=\"read-more\"><a class=\"btn btn-default\" href=\"https:\/\/faai.ath.edu.pl\/?p=378&#038;lang=sk\"> Read More<span class=\"screen-reader-text\">  Read More<\/span><\/a><\/p>\n","protected":false},"author":32,"featured_media":0,"comment_status":"open","ping_status":"open","sticky":false,"template":"","format":"standard","meta":{"footnotes":""},"categories":[72],"tags":[],"class_list":["post-378","post","type-post","status-publish","format-standard","hentry","category-spravy"],"_links":{"self":[{"href":"https:\/\/faai.ath.edu.pl\/index.php?rest_route=\/wp\/v2\/posts\/378","targetHints":{"allow":["GET"]}}],"collection":[{"href":"https:\/\/faai.ath.edu.pl\/index.php?rest_route=\/wp\/v2\/posts"}],"about":[{"href":"https:\/\/faai.ath.edu.pl\/index.php?rest_route=\/wp\/v2\/types\/post"}],"author":[{"embeddable":true,"href":"https:\/\/faai.ath.edu.pl\/index.php?rest_route=\/wp\/v2\/users\/32"}],"replies":[{"embeddable":true,"href":"https:\/\/faai.ath.edu.pl\/index.php?rest_route=%2Fwp%2Fv2%2Fcomments&post=378"}],"version-history":[{"count":1,"href":"https:\/\/faai.ath.edu.pl\/index.php?rest_route=\/wp\/v2\/posts\/378\/revisions"}],"predecessor-version":[{"id":380,"href":"https:\/\/faai.ath.edu.pl\/index.php?rest_route=\/wp\/v2\/posts\/378\/revisions\/380"}],"wp:attachment":[{"href":"https:\/\/faai.ath.edu.pl\/index.php?rest_route=%2Fwp%2Fv2%2Fmedia&parent=378"}],"wp:term":[{"taxonomy":"category","embeddable":true,"href":"https:\/\/faai.ath.edu.pl\/index.php?rest_route=%2Fwp%2Fv2%2Fcategories&post=378"},{"taxonomy":"post_tag","embeddable":true,"href":"https:\/\/faai.ath.edu.pl\/index.php?rest_route=%2Fwp%2Fv2%2Ftags&post=378"}],"curies":[{"name":"wp","href":"https:\/\/api.w.org\/{rel}","templated":true}]}}