{"id":381,"date":"2023-08-27T10:09:09","date_gmt":"2023-08-27T10:09:09","guid":{"rendered":"https:\/\/faai.ath.edu.pl\/?p=381"},"modified":"2023-08-27T10:09:09","modified_gmt":"2023-08-27T10:09:09","slug":"dotaznik-pre-it-studentov-absolventov-bakalarskeho-magisterskeho-a-doktorandskeho-studia-v-oblasti-informacnych-systemov-a-technologii","status":"publish","type":"post","link":"https:\/\/faai.ath.edu.pl\/?p=381&lang=sk","title":{"rendered":"DOTAZN\u00cdK PRE IT \u0160TUDENTOV, ABSOLVENTOV BAKAL\u00c1RSKEHO, MAGISTERSK\u00c9HO A DOKTORANDSK\u00c9HO \u0160T\u00daDIA V OBLASTI INFORMA\u010cN\u00ddCH SYST\u00c9MOV A TECHNOL\u00d3GI\u00cd"},"content":{"rendered":"<p>T\u00e1to \u0161t\u00fadia vych\u00e1dza z rozsiahleho prieskumu realizovan\u00e9ho v r\u00e1mci aktiv\u00edt pri realiz\u00e1cii projektu Erasmus+ &#8220;Bud\u00facnos\u0165 je v aplikovanej umelej inteligencii (FAAI)&#8221;. Prieskum bol zameran\u00fd na prieskum potrieb a o\u010dak\u00e1van\u00ed absolventov magistersk\u00e9ho \u0161t\u00fadia IT a absolventov IT v oblasti informa\u010dn\u00fdch syst\u00e9mov a technol\u00f3gi\u00ed v s\u00favislosti s r\u00f4znymi t\u00e9mami aplikovanej umelej inteligencie s cie\u013eom presk\u00fama\u0165 znalosti a postoje \u0161tudentov k obsahu umelej inteligencie, s\u00fa\u010dasn\u00fd stav vzdel\u00e1vania v oblasti umelej inteligencie a bud\u00face smerovanie transform\u00e1cie vzdel\u00e1vacieho syst\u00e9mu smerom ku vzdel\u00e1vaniu zalo\u017een\u00e9mu na kompetenci\u00e1ch.<\/p>\n<p>Cel\u00fd dokument n\u00e1jdete tu:<a href=\"https:\/\/faai.ath.edu.pl\/wp-content\/uploads\/2023\/12\/Research-5-StateOfArt_students_SK.pdf\">Research 5 StateOfArt_students_SK<\/a><\/p>\n","protected":false},"excerpt":{"rendered":"<p>T\u00e1to \u0161t\u00fadia vych\u00e1dza z rozsiahleho prieskumu realizovan\u00e9ho v r\u00e1mci aktiv\u00edt pri realiz\u00e1cii projektu Erasmus+ &#8220;Bud\u00facnos\u0165 je v aplikovanej umelej inteligencii (FAAI)&#8221;. Prieskum bol zameran\u00fd na prieskum potrieb a o\u010dak\u00e1van\u00ed absolventov magistersk\u00e9ho \u0161t\u00fadia IT a absolventov IT v oblasti informa\u010dn\u00fdch syst\u00e9mov a technol\u00f3gi\u00ed v s\u00favislosti s r\u00f4znymi t\u00e9mami aplikovanej umelej inteligencie s cie\u013eom presk\u00fama\u0165 znalosti a &hellip; <\/p>\n<p class=\"read-more\"><a class=\"btn btn-default\" href=\"https:\/\/faai.ath.edu.pl\/?p=381&#038;lang=sk\"> Read More<span class=\"screen-reader-text\">  Read More<\/span><\/a><\/p>\n","protected":false},"author":32,"featured_media":0,"comment_status":"open","ping_status":"open","sticky":false,"template":"","format":"standard","meta":{"footnotes":""},"categories":[72],"tags":[],"class_list":["post-381","post","type-post","status-publish","format-standard","hentry","category-spravy"],"_links":{"self":[{"href":"https:\/\/faai.ath.edu.pl\/index.php?rest_route=\/wp\/v2\/posts\/381","targetHints":{"allow":["GET"]}}],"collection":[{"href":"https:\/\/faai.ath.edu.pl\/index.php?rest_route=\/wp\/v2\/posts"}],"about":[{"href":"https:\/\/faai.ath.edu.pl\/index.php?rest_route=\/wp\/v2\/types\/post"}],"author":[{"embeddable":true,"href":"https:\/\/faai.ath.edu.pl\/index.php?rest_route=\/wp\/v2\/users\/32"}],"replies":[{"embeddable":true,"href":"https:\/\/faai.ath.edu.pl\/index.php?rest_route=%2Fwp%2Fv2%2Fcomments&post=381"}],"version-history":[{"count":1,"href":"https:\/\/faai.ath.edu.pl\/index.php?rest_route=\/wp\/v2\/posts\/381\/revisions"}],"predecessor-version":[{"id":383,"href":"https:\/\/faai.ath.edu.pl\/index.php?rest_route=\/wp\/v2\/posts\/381\/revisions\/383"}],"wp:attachment":[{"href":"https:\/\/faai.ath.edu.pl\/index.php?rest_route=%2Fwp%2Fv2%2Fmedia&parent=381"}],"wp:term":[{"taxonomy":"category","embeddable":true,"href":"https:\/\/faai.ath.edu.pl\/index.php?rest_route=%2Fwp%2Fv2%2Fcategories&post=381"},{"taxonomy":"post_tag","embeddable":true,"href":"https:\/\/faai.ath.edu.pl\/index.php?rest_route=%2Fwp%2Fv2%2Ftags&post=381"}],"curies":[{"name":"wp","href":"https:\/\/api.w.org\/{rel}","templated":true}]}}