{"id":394,"date":"2023-08-27T10:40:40","date_gmt":"2023-08-27T10:40:40","guid":{"rendered":"https:\/\/faai.ath.edu.pl\/?p=394"},"modified":"2023-08-27T10:40:40","modified_gmt":"2023-08-27T10:40:40","slug":"existujuce-kurzy-odbornej-pripravy-v-oblasti-aplikovanej-ui","status":"publish","type":"post","link":"https:\/\/faai.ath.edu.pl\/?p=394&lang=sk","title":{"rendered":"EXISTUJ\u00daCE KURZY ODBORNEJ PR\u00cdPRAVY V OBLASTI APLIKOVANEJ UI"},"content":{"rendered":"<p>Dotazn\u00edk, ktor\u00fd je predmetom tohto dokumentu, je s\u00fa\u010das\u0165ou v\u00fdskumu v s\u00favislosti s cie\u013emi projektu 2022-1-PL01-KA220-HED-000088359 &#8220;The Future is in Applied Artificial Intelligence&#8221; (FAAI) v r\u00e1mci programu Erasmus+. Cie\u013eom tohto projektu je spoji\u0165 univerzity a podniky a poskytn\u00fa\u0165 inovat\u00edvne rie\u0161enia na rozvoj odborn\u00edkov na umel\u00fa inteligenciu. Ot\u00e1zky v tejto \u0161t\u00fadii boli zameran\u00e9 na v\u00fdskum potrieb a o\u010dak\u00e1van\u00ed podnikate\u013esk\u00fdch organiz\u00e1ci\u00ed s cie\u013eom navrhn\u00fa\u0165 vzdel\u00e1vanie odborn\u00edkov v oblasti aplikovanej umelej inteligencie. V tomto dokumente sa uv\u00e1dza stru\u010dn\u00fd preh\u013ead pon\u00fakan\u00fdch vzdel\u00e1vac\u00edch kurzov v oblasti aplikovanej umelej inteligencie a ich opis. Napriek existuj\u00facim pon\u00fakan\u00fdm \u0161koleniam je potrebn\u00e9 zosumarizova\u0165 a odvodi\u0165 inform\u00e1cie o t\u00e9mach po\u017eadovan\u00fdch a obsiahnut\u00fdch v r\u00e1mci \u0161kolen\u00ed v oblasti aplikovanej umelej inteligencie.<\/p>\n<p>Cel\u00fd dokument n\u00e1jdete tu:<a href=\"https:\/\/faai.ath.edu.pl\/wp-content\/uploads\/2023\/12\/Research-1-UoM-Prepare-State-of-the-art-analysis-on-Existing-Training-Courses-in-the-Field-of-Applied-AI_SK.pdf\">Research 1 UoM Prepare State-of-the-art analysis on Existing Training Courses in the Field of Applied AI_SK<\/a><\/p>\n","protected":false},"excerpt":{"rendered":"<p>Dotazn\u00edk, ktor\u00fd je predmetom tohto dokumentu, je s\u00fa\u010das\u0165ou v\u00fdskumu v s\u00favislosti s cie\u013emi projektu 2022-1-PL01-KA220-HED-000088359 &#8220;The Future is in Applied Artificial Intelligence&#8221; (FAAI) v r\u00e1mci programu Erasmus+. Cie\u013eom tohto projektu je spoji\u0165 univerzity a podniky a poskytn\u00fa\u0165 inovat\u00edvne rie\u0161enia na rozvoj odborn\u00edkov na umel\u00fa inteligenciu. Ot\u00e1zky v tejto \u0161t\u00fadii boli zameran\u00e9 na v\u00fdskum potrieb a &hellip; <\/p>\n<p class=\"read-more\"><a class=\"btn btn-default\" href=\"https:\/\/faai.ath.edu.pl\/?p=394&#038;lang=sk\"> Read More<span class=\"screen-reader-text\">  Read More<\/span><\/a><\/p>\n","protected":false},"author":32,"featured_media":0,"comment_status":"open","ping_status":"open","sticky":false,"template":"","format":"standard","meta":{"footnotes":""},"categories":[72],"tags":[],"class_list":["post-394","post","type-post","status-publish","format-standard","hentry","category-spravy"],"_links":{"self":[{"href":"https:\/\/faai.ath.edu.pl\/index.php?rest_route=\/wp\/v2\/posts\/394","targetHints":{"allow":["GET"]}}],"collection":[{"href":"https:\/\/faai.ath.edu.pl\/index.php?rest_route=\/wp\/v2\/posts"}],"about":[{"href":"https:\/\/faai.ath.edu.pl\/index.php?rest_route=\/wp\/v2\/types\/post"}],"author":[{"embeddable":true,"href":"https:\/\/faai.ath.edu.pl\/index.php?rest_route=\/wp\/v2\/users\/32"}],"replies":[{"embeddable":true,"href":"https:\/\/faai.ath.edu.pl\/index.php?rest_route=%2Fwp%2Fv2%2Fcomments&post=394"}],"version-history":[{"count":1,"href":"https:\/\/faai.ath.edu.pl\/index.php?rest_route=\/wp\/v2\/posts\/394\/revisions"}],"predecessor-version":[{"id":396,"href":"https:\/\/faai.ath.edu.pl\/index.php?rest_route=\/wp\/v2\/posts\/394\/revisions\/396"}],"wp:attachment":[{"href":"https:\/\/faai.ath.edu.pl\/index.php?rest_route=%2Fwp%2Fv2%2Fmedia&parent=394"}],"wp:term":[{"taxonomy":"category","embeddable":true,"href":"https:\/\/faai.ath.edu.pl\/index.php?rest_route=%2Fwp%2Fv2%2Fcategories&post=394"},{"taxonomy":"post_tag","embeddable":true,"href":"https:\/\/faai.ath.edu.pl\/index.php?rest_route=%2Fwp%2Fv2%2Ftags&post=394"}],"curies":[{"name":"wp","href":"https:\/\/api.w.org\/{rel}","templated":true}]}}